{"id":622,"date":"2023-05-23T09:30:00","date_gmt":"2023-05-23T07:30:00","guid":{"rendered":"https:\/\/review.jobs\/blog\/?p=622"},"modified":"2024-11-09T13:09:31","modified_gmt":"2024-11-09T12:09:31","slug":"astuces-ameliorer-communication-professionnelle-quotidien","status":"publish","type":"post","link":"https:\/\/review.jobs\/blog\/fr\/astuces-ameliorer-communication-professionnelle-quotidien\/","title":{"rendered":"Astuces pour am\u00e9liorer sa communication professionnelle au quotidien"},"content":{"rendered":"\n<p>Dans le monde professionnel, la <strong>communication<\/strong> est un \u00e9l\u00e9ment essentiel pour mener \u00e0 bien ses missions et <a href=\"https:\/\/review.jobs\/blog\/fr\/souder-une-equipe-de-travail-en-entreprise\/\">travailler efficacement en \u00e9quipe<\/a>. Que ce soit dans nos relations personnelles ou professionnelles, la mani\u00e8re dont nous communiquons peut avoir un impact significatif sur la qualit\u00e9 de nos interactions. Savoir \u00e9couter, s&rsquo;exprimer avec clart\u00e9 et g\u00e9rer les malentendus sont des comp\u00e9tences indispensables. Voici un guide complet et actionnable pour am\u00e9liorer sa communication dans le milieu professionnel.<\/p>\n\n\n\n<h2 class=\"wp-block-heading\"><strong>Importance de la communication dans le milieu professionnel<\/strong><\/h2>\n\n\n\n<p>La communication se divise en deux cat\u00e9gories : l&rsquo;<strong>orale<\/strong> et la <strong>non verbale<\/strong>. Toutes deux ont une importance cruciale dans notre quotidien professionnel. En effet, une communication efficace permet d&rsquo;\u00e9viter les erreurs, de favoriser la collaboration et d&rsquo;am\u00e9liorer la prise de d\u00e9cision.<\/p>\n\n\n\n<h3 class=\"wp-block-heading\"><strong>L&rsquo;importance de la communication<\/strong><\/h3>\n\n\n\n<p>La <a href=\"https:\/\/review.jobs\/blog\/fr\/communication-levier-de-developpement-marque-employeur\/\">communication joue un r\u00f4le crucial dans tous les aspects de notre vie<\/a>. Elle nous permet de transmettre nos pens\u00e9es et nos sentiments, de partager des id\u00e9es, de r\u00e9soudre des probl\u00e8mes et de construire des relations solides. Une bonne communication favorise la compr\u00e9hension mutuelle, renforce la confiance et cr\u00e9e un environnement propice \u00e0 la collaboration et \u00e0 la r\u00e9solution de conflits.<\/p>\n\n\n\n<h3 class=\"wp-block-heading\"><strong>La communication orale et non verbale<\/strong><\/h3>\n\n\n\n<p>La communication peut \u00eatre class\u00e9e en deux cat\u00e9gories principales : la communication verbale et la communication non verbale. La communication verbale fait r\u00e9f\u00e9rence \u00e0 l&rsquo;utilisation de mots et de langage pour transmettre des informations. Elle comprend la parole, les discussions, les pr\u00e9sentations et les conversations.<\/p>\n\n\n\n<p>D&rsquo;autre part, la communication non verbale englobe les signaux et les gestes que nous utilisons pour communiquer. Cela inclut notre langage corporel, nos expressions faciales, notre posture et m\u00eame notre proximit\u00e9 physique. La communication non verbale peut parfois transmettre des messages plus puissants que les mots eux-m\u00eames.<\/p>\n\n\n\n<h3 class=\"wp-block-heading\"><strong>Communication \u00e9crite<\/strong><\/h3>\n\n\n\n<p>La communication \u00e9crite est tout aussi importante que la communication verbale. Dans notre monde num\u00e9rique, de nombreuses interactions se font par le biais de messages \u00e9crits, que ce soit par e-mail, messages instantan\u00e9s ou r\u00e9seaux sociaux. Il est essentiel de d\u00e9velopper des comp\u00e9tences en communication \u00e9crite pour transmettre clairement vos id\u00e9es, \u00e9viter les malentendus et maintenir une bonne image professionnelle.<\/p>\n\n\n\n<p>Pour am\u00e9liorer votre communication \u00e9crite, assurez-vous de structurer vos messages de mani\u00e8re claire et concise. Utilisez un langage appropri\u00e9 au contexte et relisez-vous pour \u00e9viter les fautes d&rsquo;orthographe et de grammaire. Soyez \u00e9galement attentif \u00e0 la tonalit\u00e9 de vos \u00e9crits et adaptez-la en fonction du destinataire et du sujet abord\u00e9.<\/p>\n\n\n\n<h3 class=\"wp-block-heading\"><strong>Les enjeux de la communication efficace<\/strong><\/h3>\n\n\n\n<p>Avoir une bonne communication professionnelle permet de gagner du temps, d&rsquo;\u00e9viter les conflits et d&rsquo;accro\u00eetre sa conscience des besoins et attentes des autres. C&rsquo;est \u00e9galement un atout pour renforcer son image de marque aupr\u00e8s de ses collaborateurs.<\/p>\n\n\n\n<h2 class=\"wp-block-heading\"><strong>Techniques pour am\u00e9liorer l&rsquo;\u00e9coute active<\/strong><\/h2>\n\n\n\n<p>L&rsquo;\u00e9coute active est une pratique essentielle pour mieux comprendre son interlocuteur et \u00e9viter les malentendus.<\/p>\n\n\n\n<h3 class=\"wp-block-heading\"><strong>Les bases de l&rsquo;\u00e9coute active<\/strong><\/h3>\n\n\n\n<p>L&rsquo;\u00e9coute active consiste \u00e0 pr\u00eater une attention totale \u00e0 son interlocuteur, en prenant en compte aussi bien le fond que la forme de son message. Cela implique de ne pas interrompre la personne qui parle, d&rsquo;acquiescer pour montrer qu&rsquo;on suit le discours et de reformuler les points importants.<\/p>\n\n\n\n<h3 class=\"wp-block-heading\"><strong>Astuces pour d\u00e9velopper son \u00e9coute<\/strong><\/h3>\n\n\n\n<p>Pour am\u00e9liorer son \u00e9coute active, il est important de travailler sur sa capacit\u00e9 de concentration, d&rsquo;apprendre \u00e0 g\u00e9rer les distractions et de s&rsquo;entra\u00eener \u00e0 l&#8217;empathie en se mettant \u00e0 la place de l&rsquo;autre.<\/p>\n\n\n\n<h2 class=\"wp-block-heading\"><strong>Surmonter la timidit\u00e9 et renforcer la communication en face-\u00e0-face<\/strong><\/h2>\n\n\n\n<p>La timidit\u00e9 peut \u00eatre un frein \u00e0 une communication efficace. Voici quelques strat\u00e9gies pour y rem\u00e9dier.<\/p>\n\n\n\n<h3 class=\"wp-block-heading\"><strong>Identifier les causes de la timidit\u00e9<\/strong><\/h3>\n\n\n\n<p>Il est essentiel d&rsquo;identifier les raisons derri\u00e8re sa timidit\u00e9 afin d&rsquo;adopter des solutions adapt\u00e9es. Cela peut \u00eatre li\u00e9 \u00e0 un manque de confiance en soi, une peur du jugement ou encore un sentiment d&rsquo;inf\u00e9riorit\u00e9.<\/p>\n\n\n\n<h3 class=\"wp-block-heading\"><strong>Strat\u00e9gies pour gagner en confiance<\/strong><\/h3>\n\n\n\n<p>Pour gagner en confiance, il est recommand\u00e9 de pratiquer r\u00e9guli\u00e8rement la prise de parole en public, d&rsquo;affronter progressivement les situations anxiog\u00e8nes et de solliciter des retours constructifs sur sa communication.<\/p>\n\n\n\n<h2 class=\"wp-block-heading\"><strong>Am\u00e9liorer la communication non verbale<\/strong><\/h2>\n\n\n\n<p>La communication non verbale joue un r\u00f4le crucial dans la transmission des informations et l&rsquo;\u00e9tablissement d&rsquo;une relation de confiance avec ses interlocuteurs.<\/p>\n\n\n\n<h3 class=\"wp-block-heading\"><strong>Les \u00e9l\u00e9ments cl\u00e9s de la communication non verbale<\/strong><\/h3>\n\n\n\n<p>Parmi les \u00e9l\u00e9ments cl\u00e9s de la communication non verbale, on trouve le contact visuel, les expressions faciales, la posture et les gestes. Ils sont autant d&rsquo;indices sur l&rsquo;\u00e9tat \u00e9motionnel et les intentions de la personne qui communique.<\/p>\n\n\n\n<h3 class=\"wp-block-heading\"><strong>Conseils pour ma\u00eetriser sa communication non verbale<\/strong><\/h3>\n\n\n\n<p>Pour am\u00e9liorer sa communication non verbale, il est important de pratiquer la synchronisation avec son interlocuteur, de travailler sur son langage corporel et d&rsquo;\u00eatre attentif aux signaux envoy\u00e9s par les autres.<\/p>\n\n\n\n<h3 class=\"wp-block-heading\"><strong>Techniques pour am\u00e9liorer sa communication<\/strong><\/h3>\n\n\n\n<p>Il existe plusieurs techniques que vous pouvez mettre en pratique pour am\u00e9liorer votre communication au quotidien. Voici quelques conseils utiles :<\/p>\n\n\n\n<p><strong>Apprendre \u00e0 \u00e9couter<\/strong> : Accordez une attention totale \u00e0 la personne qui parle, posez des questions pour clarifier les points importants et montrez de l&rsquo;int\u00e9r\u00eat pour ce qu&rsquo;elle dit.<\/p>\n\n\n\n<p><strong>Pratiquer l&rsquo;art de la conversation<\/strong> : Engagez-vous activement dans les conversations en posant des questions ouvertes, en partageant vos propres id\u00e9es et en maintenant un \u00e9quilibre entre parler et \u00e9couter.<\/p>\n\n\n\n<p><strong>D\u00e9velopper des comp\u00e9tences en communication \u00e9crite<\/strong> : Prenez le temps de structurer vos messages \u00e9crits, utilisez un langage clair et v\u00e9rifiez vos \u00e9crits pour \u00e9viter les erreurs.<\/p>\n\n\n\n<h2 class=\"wp-block-heading\"><strong>Optimiser la communication dans un contexte professionnel<\/strong><\/h2>\n\n\n\n<p>La communication joue \u00e9galement un r\u00f4le crucial dans le contexte professionnel. Une bonne communication favorise une collaboration efficace, une r\u00e9solution rapide des probl\u00e8mes et une meilleure productivit\u00e9. Voici comment vous pouvez am\u00e9liorer votre communication dans les relations professionnelles :<\/p>\n\n\n\n<h3 class=\"wp-block-heading\"><strong>Adapter son discours \u00e0 l&rsquo;interlocuteur<\/strong><\/h3>\n\n\n\n<p>Selon le profil de son interlocuteur, il convient d&rsquo;ajuster son vocabulaire, son ton et ses arguments pour faciliter la compr\u00e9hension et l&rsquo;\u00e9change.<\/p>\n\n\n\n<h3 class=\"wp-block-heading\"><strong>G\u00e9rer les malentendus et les conflits<\/strong><\/h3>\n\n\n\n<p>En cas de malentendu ou de conflit, il est crucial de garder son calme, d&rsquo;exposer clairement les faits et de chercher des solutions constructives en impliquant toutes les parties concern\u00e9es.<\/p>\n\n\n\n<h3 class=\"wp-block-heading\"><strong>Communication avec les coll\u00e8gues<\/strong><\/h3>\n\n\n\n<p>Soyez clair et pr\u00e9cis dans vos instructions, respectez les opinions des autres, et utilisez des canaux de communication appropri\u00e9s pour chaque situation, cela vous permettra de <a href=\"https:\/\/review.jobs\/blog\/fr\/astuces-ameliorer-communication-collegues-travail\/\">communiquer efficacement avec vos coll\u00e8gues<\/a>.<\/p>\n\n\n\n<h3 class=\"wp-block-heading\"><strong>Communication avec les clients<\/strong><\/h3>\n\n\n\n<p>\u00c9coutez attentivement leurs besoins, fournissez des r\u00e9ponses pr\u00e9cises et personnalis\u00e9es, et maintenez une attitude professionnelle m\u00eame dans des situations difficiles.<\/p>\n\n\n\n<h3 class=\"wp-block-heading\"><strong>Communication lors des pr\u00e9sentations<\/strong><\/h3>\n\n\n\n<p>Structurez votre pr\u00e9sentation de mani\u00e8re claire, utilisez des supports visuels attractifs, et pratiquez \u00e0 l&rsquo;avance pour gagner en confiance.<\/p>\n\n\n\n<h2 class=\"wp-block-heading\"><strong>\u00c9valuation et formation pour d\u00e9velopper ses comp\u00e9tences en communication<\/strong><\/h2>\n\n\n\n<p>Se former et s&rsquo;\u00e9valuer r\u00e9guli\u00e8rement sont deux \u00e9tapes cl\u00e9s pour renforcer ses comp\u00e9tences en communication.<\/p>\n\n\n\n<h3 class=\"wp-block-heading\"><strong>L&rsquo;importance de l&rsquo;auto-\u00e9valuation<\/strong><\/h3>\n\n\n\n<p>L&rsquo;auto-\u00e9valuation permet d&rsquo;identifier ses points forts et ses axes d&rsquo;am\u00e9lioration en mati\u00e8re de communication. Elle peut passer par un questionnement personnel ou par des <a href=\"https:\/\/review.jobs\/blog\/fr\/exemple-de-questionnaire-de-satisfaction-salarie\/\">outils sp\u00e9cifiques<\/a> comme des tests en ligne.<\/p>\n\n\n\n<h3 class=\"wp-block-heading\"><strong>Les formations et ressources disponibles<\/strong><\/h3>\n\n\n\n<p>Il existe de nombreuses formations inter ou intra entreprise pour d\u00e9velopper ses comp\u00e9tences en communication. Les livres, podcasts et vid\u00e9os en ligne sont \u00e9galement des ressources pr\u00e9cieuses pour progresser. N&rsquo;h\u00e9sitez pas \u00e0 aller demander aux <a href=\"https:\/\/review.jobs\/blog\/fr\/enjeux-bonne-communication-rh\/\">\u00e9quipes RH<\/a> s&rsquo;ils proposent des formations en communication.<\/p>\n\n\n\n<p>En mettant en pratique ces conseils et en suivant les formations adapt\u00e9es, il est possible d&rsquo;am\u00e9liorer significativement sa communication professionnelle. Cela contribuera non seulement \u00e0 une meilleure efficacit\u00e9 au travail, mais aussi \u00e0 des relations plus harmonieuses avec ses collaborateurs.<\/p>\n\n\n<div itemscope=\"\" itemtype=\"https:\/\/schema.org\/FAQPage\">\n<h2>FAQ<\/h2>\n<div itemprop=\"mainEntity\" itemscope=\"\" itemtype=\"https:\/\/schema.org\/Question\">\n<h3 itemprop=\"name\">Quels sont les \u00e9l\u00e9ments cl\u00e9s de la communication non verbale et comment peuvent-ils influencer nos interactions professionnelles ?<\/h3>\n<div itemprop=\"acceptedAnswer\" itemscope=\"\" itemtype=\"https:\/\/schema.org\/Answer\">\n<p itemprop=\"text\">Les \u00e9l\u00e9ments cl\u00e9s de la communication non verbale incluent :<\/p>\n<ul>\n<li>Le contact visuel<\/li>\n<li>Les expressions faciales<\/li>\n<li>La posture<\/li>\n<li>Les gestes<\/li>\n<\/ul>\n<p>Ils jouent un r\u00f4le crucial dans la transmission des \u00e9motions et des intentions de l&rsquo;\u00e9metteur. Par exemple, un contact visuel soutenu peut indiquer de l&rsquo;int\u00e9r\u00eat et de l&rsquo;engagement dans la conversation, tandis qu&rsquo;une posture ferm\u00e9e peut sugg\u00e9rer une r\u00e9ticence ou une d\u00e9fensive. En ma\u00eetrisant ces signaux non verbaux, nous pouvons renforcer la compr\u00e9hension mutuelle, \u00e9tablir des relations de confiance et am\u00e9liorer nos interactions professionnelles.<\/p>\n<\/div>\n<\/div>\n<div itemprop=\"mainEntity\" itemscope=\"\" itemtype=\"https:\/\/schema.org\/Question\">\n<h3 itemprop=\"name\">Quels sont les principaux conseils pour am\u00e9liorer la communication \u00e9crite dans un contexte professionnel ?<\/h3>\n<div itemprop=\"acceptedAnswer\" itemscope=\"\" itemtype=\"https:\/\/schema.org\/Answer\">\n<ul itemprop=\"text\">\n<li>Structurez vos messages de mani\u00e8re claire et concise.<\/li>\n<li>Utilisez un langage appropri\u00e9 au contexte et au destinataire.<\/li>\n<li>Relisez-vous pour \u00e9viter les fautes d&rsquo;orthographe et de grammaire.<\/li>\n<li>Soyez attentif \u00e0 la tonalit\u00e9 de vos \u00e9crits et adaptez-la en fonction du sujet abord\u00e9.<\/li>\n<li>Utilisez des paragraphes et des puces pour organiser l&rsquo;information de mani\u00e8re claire.<\/li>\n<li>\u00c9vitez les messages trop longs et privil\u00e9giez la simplicit\u00e9 dans vos formulations.<\/li>\n<\/ul>\n<\/div>\n<\/div>\n<\/div>\n\n<div class=\"kk-star-ratings kksr-auto kksr-align-center kksr-valign-bottom\"\n    data-payload='{&quot;align&quot;:&quot;center&quot;,&quot;id&quot;:&quot;622&quot;,&quot;slug&quot;:&quot;default&quot;,&quot;valign&quot;:&quot;bottom&quot;,&quot;ignore&quot;:&quot;&quot;,&quot;reference&quot;:&quot;auto&quot;,&quot;class&quot;:&quot;&quot;,&quot;count&quot;:&quot;0&quot;,&quot;legendonly&quot;:&quot;&quot;,&quot;readonly&quot;:&quot;&quot;,&quot;score&quot;:&quot;0&quot;,&quot;starsonly&quot;:&quot;&quot;,&quot;best&quot;:&quot;5&quot;,&quot;gap&quot;:&quot;5&quot;,&quot;greet&quot;:&quot;Survolez les \u00e9toiles puis cliquez pour valider la note&quot;,&quot;legend&quot;:&quot;0\\\/5 - (0 vote)&quot;,&quot;size&quot;:&quot;27&quot;,&quot;title&quot;:&quot;Astuces pour am\u00e9liorer sa communication professionnelle au quotidien&quot;,&quot;width&quot;:&quot;0&quot;,&quot;_legend&quot;:&quot;{score}\\\/{best} - ({count} {votes})&quot;,&quot;font_factor&quot;:&quot;1.25&quot;}'>\n            \n<div class=\"kksr-stars\">\n    \n<div class=\"kksr-stars-inactive\">\n            <div class=\"kksr-star\" data-star=\"1\" style=\"padding-right: 5px\">\n            \n\n<div class=\"kksr-icon\" style=\"width: 27px; height: 27px;\"><\/div>\n        <\/div>\n            <div class=\"kksr-star\" data-star=\"2\" style=\"padding-right: 5px\">\n            \n\n<div class=\"kksr-icon\" style=\"width: 27px; height: 27px;\"><\/div>\n        <\/div>\n            <div class=\"kksr-star\" data-star=\"3\" style=\"padding-right: 5px\">\n            \n\n<div class=\"kksr-icon\" style=\"width: 27px; height: 27px;\"><\/div>\n        <\/div>\n            <div class=\"kksr-star\" data-star=\"4\" style=\"padding-right: 5px\">\n            \n\n<div class=\"kksr-icon\" style=\"width: 27px; height: 27px;\"><\/div>\n        <\/div>\n            <div class=\"kksr-star\" data-star=\"5\" style=\"padding-right: 5px\">\n            \n\n<div class=\"kksr-icon\" style=\"width: 27px; height: 27px;\"><\/div>\n        <\/div>\n    <\/div>\n    \n<div class=\"kksr-stars-active\" style=\"width: 0px;\">\n            <div class=\"kksr-star\" style=\"padding-right: 5px\">\n            \n\n<div class=\"kksr-icon\" style=\"width: 27px; height: 27px;\"><\/div>\n        <\/div>\n            <div class=\"kksr-star\" style=\"padding-right: 5px\">\n            \n\n<div class=\"kksr-icon\" style=\"width: 27px; height: 27px;\"><\/div>\n        <\/div>\n            <div class=\"kksr-star\" style=\"padding-right: 5px\">\n            \n\n<div class=\"kksr-icon\" style=\"width: 27px; height: 27px;\"><\/div>\n        <\/div>\n            <div class=\"kksr-star\" style=\"padding-right: 5px\">\n            \n\n<div class=\"kksr-icon\" style=\"width: 27px; height: 27px;\"><\/div>\n        <\/div>\n            <div class=\"kksr-star\" style=\"padding-right: 5px\">\n            \n\n<div class=\"kksr-icon\" style=\"width: 27px; height: 27px;\"><\/div>\n        <\/div>\n    <\/div>\n<\/div>\n                \n\n<div class=\"kksr-legend\" style=\"font-size: 21.6px;\">\n            <span class=\"kksr-muted\">Survolez les \u00e9toiles puis cliquez pour valider la note<\/span>\n    <\/div>\n    <\/div>\n","protected":false},"excerpt":{"rendered":"<p>Dans le monde professionnel, la communication est un \u00e9l\u00e9ment essentiel pour mener \u00e0 bien ses missions et travailler efficacement en \u00e9quipe. Que ce soit dans nos relations personnelles ou professionnelles, la mani\u00e8re dont nous communiquons peut avoir un impact significatif sur la qualit\u00e9 de nos interactions. Savoir \u00e9couter, s&rsquo;exprimer avec clart\u00e9 et g\u00e9rer les malentendus [&hellip;]<\/p>\n","protected":false},"author":4,"featured_media":627,"comment_status":"closed","ping_status":"closed","sticky":false,"template":"","format":"standard","meta":{"_acf_changed":false,"_seopress_robots_primary_cat":"none","_seopress_titles_title":"Astuces pour am\u00e9liorer la communication professionnelle","_seopress_titles_desc":"Am\u00e9liorez votre communication au quotidien et au travail avec des techniques pour mieux \u00e9couter, poser des questions pertinentes et \u00e9changer efficacement.","_seopress_robots_index":"","footnotes":""},"categories":[22],"tags":[],"class_list":["post-622","post","type-post","status-publish","format-standard","has-post-thumbnail","hentry","category-problematique-rh"],"acf":{"affichage_hp":false},"_links":{"self":[{"href":"https:\/\/review.jobs\/blog\/fr\/wp-json\/wp\/v2\/posts\/622","targetHints":{"allow":["GET"]}}],"collection":[{"href":"https:\/\/review.jobs\/blog\/fr\/wp-json\/wp\/v2\/posts"}],"about":[{"href":"https:\/\/review.jobs\/blog\/fr\/wp-json\/wp\/v2\/types\/post"}],"author":[{"embeddable":true,"href":"https:\/\/review.jobs\/blog\/fr\/wp-json\/wp\/v2\/users\/4"}],"replies":[{"embeddable":true,"href":"https:\/\/review.jobs\/blog\/fr\/wp-json\/wp\/v2\/comments?post=622"}],"version-history":[{"count":7,"href":"https:\/\/review.jobs\/blog\/fr\/wp-json\/wp\/v2\/posts\/622\/revisions"}],"predecessor-version":[{"id":5351,"href":"https:\/\/review.jobs\/blog\/fr\/wp-json\/wp\/v2\/posts\/622\/revisions\/5351"}],"wp:featuredmedia":[{"embeddable":true,"href":"https:\/\/review.jobs\/blog\/fr\/wp-json\/wp\/v2\/media\/627"}],"wp:attachment":[{"href":"https:\/\/review.jobs\/blog\/fr\/wp-json\/wp\/v2\/media?parent=622"}],"wp:term":[{"taxonomy":"category","embeddable":true,"href":"https:\/\/review.jobs\/blog\/fr\/wp-json\/wp\/v2\/categories?post=622"},{"taxonomy":"post_tag","embeddable":true,"href":"https:\/\/review.jobs\/blog\/fr\/wp-json\/wp\/v2\/tags?post=622"}],"curies":[{"name":"wp","href":"https:\/\/api.w.org\/{rel}","templated":true}]}}